{"id":3598,"date":"2025-12-04T18:00:00","date_gmt":"2025-12-04T18:00:00","guid":{"rendered":"https:\/\/mondodispatch.com\/?p=3598"},"modified":"2026-02-19T15:23:40","modified_gmt":"2026-02-19T15:23:40","slug":"les-simultanees-cliniques-effets-du-xive-congres-amp-preparatoires-eol-nel-making-off-de-lexecutive-board-hotline","status":"publish","type":"post","link":"https:\/\/mondodispatch.com\/es\/2025\/12\/04\/les-simultanees-cliniques-effets-du-xive-congres-amp-preparatoires-eol-nel-making-off-de-lexecutive-board-hotline\/","title":{"rendered":"Simultaneas cl\u00ednicas; Efectos del XIV Congreso AMP; Preparatorias EOL\/NEL; Making of del Executive Board; Hotline"},"content":{"rendered":"\n<h5 class=\"wp-block-heading\" style=\"font-size:15px\"><strong>Adolfo Ruiz, Pascale Fari, Ligia Gorini, Gabi Grinbaum, Rachel Cors, Viviana Berger, Jorge Assef, Mackling Limache<\/strong><\/h5>\n\n\n\n<div style=\"height:40px\" aria-hidden=\"true\" class=\"wp-block-spacer\"><\/div>\n\n\n\n<h3 class=\"wp-block-heading\"><strong>Es la promesa de un debate abierto, animado y apasionante<\/strong><\/h3>\n\n\n\n<div style=\"height:18px\" aria-hidden=\"true\" class=\"wp-block-spacer\"><\/div>\n\n\n\n<p>Lacan dijo alguna vez que una pr\u00e1ctica no\u00a0necesita ser esclarecida para ser eficaz, pero atenci\u00f3n, \u00e9l con esto pone el \u00e9nfasis no\u00a0en la eficacia, sino en el esclarecimiento. \u00c9l ha dicho esto desde el\u00a0principio de su ense\u00f1anza. En el Seminario I ya encontramos la pregunta \u00bfqu\u00e9\u00a0es lo que hacemos cuando hacemos psicoan\u00e1lisis? \u00c9l propone como br\u00fajula para\u00a0desarrollar en ese primer Seminario, pero encontramos esa misma pregunta formulada de otra manera al extremo del\u00a0Seminario, en el 24 Lacan dice: \u201cSigo, sigo a\u00fan interrogando al psicoan\u00e1lisis sobre el modo en que funciona, c\u00f3mo es posible que constituye pr\u00e1ctica, que incluso algunas veces es eficaz.\u201d Las simult\u00e1neas cl\u00ednicas en el Congreso\u00a0son justamente la oportunidad magn\u00edfica de avanzar con respuestas y con\u00a0discusiones en torno a esa pregunta que \u00e9l nos sit\u00faa desde el inicio de su ense\u00f1anza.<br><strong>Adolfo Ruiz<\/strong><\/p>\n\n\n\n<div style=\"height:18px\" aria-hidden=\"true\" class=\"wp-block-spacer\"><\/div>\n\n\n\n<p>Por lo tanto, hemos invitado a los miembros de las siete escuelas de la AMP a reflexionar sobre el caso cl\u00ednico que les moviliza para esclarecer, ilustrar el tema del congreso, \u201cNo hay relaci\u00f3n sexual\u201d. Se dar\u00e1 prioridad a la singularidad del caso en cada una de las ponencias que podr\u00e1n escuchar. La orientaci\u00f3n de la cura y las intervenciones del analista ser\u00e1n legibles y f\u00e1cilmente identificables. La articulaci\u00f3n original con el tema se precisar\u00e1 y se pondr\u00e1 claramente de relieve. Los ejes de trabajo que se han difundido son valiosas orientaciones para enfocar diferentes perspectivas, diferentes maneras de abordar el tema. Por supuesto, los trabajos podr\u00e1n basarse en una cita, una referencia te\u00f3rica, pero sin ocultar nunca los aspectos m\u00e1s destacados del caso. Las jornadas cl\u00ednicas se desarrollar\u00e1n, por lo tanto, a lo largo de dos d\u00edas, el jueves 30 de abril y el viernes 1 de mayo de 2026. Estas dos jornadas se celebrar\u00e1n por videoconferencia con traducci\u00f3n simult\u00e1nea por parte de profesionales. Se trata de una opci\u00f3n costosa, pero\u00a0la direcci\u00f3n del Congreso ha decidido renovarla dada la importancia y la eficacia de esta modalidad, que ya fue adoptado por el Congreso anterior\u00a0para facilitar la fluidez de las traducciones y agilizar la preparaci\u00f3n. Dado que la inscripci\u00f3n al Congreso est\u00e1 abierta a los no miembros, la direcci\u00f3n del Congreso ha decidido introducir una novedad este a\u00f1o: todos los participantes del p\u00fablico\u00a0sean o no miembros de la AMP, podr\u00e1n intervenir y formular preguntas. Para nosotros, esto supone la promesa de un debate abierto, animado y apasionante.<br><strong>Pascale Fari<\/strong><\/p>\n\n\n\n<div style=\"height:18px\" aria-hidden=\"true\" class=\"wp-block-spacer\"><\/div>\n\n\n\n<p>Inicialmente hemos pensado y discutido sobre\u00a0la extensi\u00f3n de los textos que vamos a solicitar. Una extensi\u00f3n de 6500 caracteres que implicar\u00e1n de un lado un esfuerzo de reducci\u00f3n, pero dar\u00e1n la extensi\u00f3n suficiente para\u00a0que los autores puedan desplegar el caso con la riqueza del mismo para ense\u00f1ar en la discusi\u00f3n. Ya recibieron la invitaci\u00f3n\u00a0para el env\u00edo de los casos,\u00a0desde el 15 de octubre hasta el 15 de noviembre. Ya empez\u00f3 la lectura y la\u00a0selecci\u00f3n de los trabajos\u00a0que est\u00e1n a cargo de ocho comit\u00e9s de lectura que est\u00e1n integrados por miembros de todas las Escuelas en cantidad proporcional al tama\u00f1o de las Escuelas\u00a0para que todas est\u00e9n bien representadas ah\u00ed. Y a continuaci\u00f3n de esto habr\u00e1 una comisi\u00f3n que\u00a0tomar\u00e1 el informe de estos c\u00e1rteles de lectura, y si considera necesario podr\u00e1 hacer a los\u00a0autores alguna solicitud de una precisi\u00f3n, en alg\u00fan aspecto cl\u00ednico o te\u00f3rico para que el caso pueda ense\u00f1ar\u00a0y sea apto para la jornada.<br><strong>Adolfo Ruiz<\/strong><\/p>\n\n\n\n<div style=\"height:20px\" aria-hidden=\"true\" class=\"wp-block-spacer\"><\/div>\n\n\n\n<figure class=\"wp-block-embed is-type-video is-provider-youtube wp-block-embed-youtube wp-embed-aspect-16-9 wp-has-aspect-ratio\"><div class=\"wp-block-embed__wrapper\">\n<div class=\"videoWrapper\"><iframe loading=\"lazy\" title=\"Pascale Fari - Adolfo Ruiz\" width=\"500\" height=\"281\" src=\"https:\/\/www.youtube.com\/embed\/HMj3pUU3Cns?feature=oembed\" frameborder=\"0\" allow=\"accelerometer; autoplay; clipboard-write; encrypted-media; gyroscope; picture-in-picture; web-share\" referrerpolicy=\"strict-origin-when-cross-origin\" allowfullscreen><\/iframe><\/div>\n<\/div><\/figure>\n\n\n<div class=\"nota\">\n\t<div class=\"d-flex flex-column\">\n\t\t<h4 class=\"m-0 text-uppercase mb-1\"><\/h4>\n\n\t\t<div class=\"nota-texto\">\n\t\t\t<p class=\"p1\">Adolfo Ruiz (NEL) y Pascale Fari (ECF), responsables de los c\u00e1rteles de lectura<\/p>\n\t\t<\/div>\n\t<\/div>\n<\/div>\n\n\n<hr class=\"wp-block-separator has-alpha-channel-opacity\"\/>\n\n\n\n<div style=\"height:40px\" aria-hidden=\"true\" class=\"wp-block-spacer\"><\/div>\n\n\n\n<h3 class=\"wp-block-heading\"><strong>Cada quien su color<\/strong><\/h3>\n\n\n\n<p>Preparar un Congreso de la AMP es, ante todo, un gran honor. Tambi\u00e9n es una gran responsabilidad, una responsabilidad que he compartido, como codirectora, con mi colega Gil Caroz.<\/p>\n\n\n\n<p>Tambi\u00e9n es vivir momentos muy contrastantes: momentos de alegr\u00eda, momentos extremadamente agradables, con risas compartidas, intercambios en varios idiomas, con todos los equ\u00edvocos que ello conlleva, y eso me encanta. Y luego, al mismo tiempo, a veces hay momentos de angustia: no se duerme, pregunt\u00e1ndose si todo saldr\u00e1 seg\u00fan lo previsto, si habr\u00e1 inscripciones, etc.<\/p>\n\n\n\n<p>Es saber que est\u00e1s sola y, al mismo tiempo, sentirte apoyada por una comunidad de trabajo realmente extraordinaria. La energ\u00eda que desprende todo lo que invisten las Escuelas hacen de esta experiencia un aprendizaje excepcional. Estoy y estar\u00e9 siempre agradecida por ello.<\/p>\n\n\n\n<p>Por \u00faltimo, es saber pasar el relevo a los colegas, mediante la permutaci\u00f3n. Y es muy gratificante ver c\u00f3mo se prepara el pr\u00f3ximo Congreso, el de 2026, que se avecina: descubrir poco a poco el afiche, la organizaci\u00f3n, la forma en que se desarrolla todo, y ver que vuelve a empezar, pero de otra manera, cada quien aportando su toque personal, su color, su tono.<br><strong>Ligia Gorini<\/strong><\/p>\n\n\n\n<div style=\"height:20px\" aria-hidden=\"true\" class=\"wp-block-spacer\"><\/div>\n\n\n\n<figure class=\"wp-block-embed is-type-video is-provider-youtube wp-block-embed-youtube wp-embed-aspect-16-9 wp-has-aspect-ratio\"><div class=\"wp-block-embed__wrapper\">\n<div class=\"videoWrapper\"><iframe loading=\"lazy\" title=\"Ligia Gorini\" width=\"500\" height=\"281\" src=\"https:\/\/www.youtube.com\/embed\/zzr4DecPdsA?feature=oembed\" frameborder=\"0\" allow=\"accelerometer; autoplay; clipboard-write; encrypted-media; gyroscope; picture-in-picture; web-share\" referrerpolicy=\"strict-origin-when-cross-origin\" allowfullscreen><\/iframe><\/div>\n<\/div><\/figure>\n\n\n<div class=\"nota\">\n\t<div class=\"d-flex flex-column\">\n\t\t<h4 class=\"m-0 text-uppercase mb-1\"><\/h4>\n\n\t\t<div class=\"nota-texto\">\n\t\t\t<p class=\"p1\">Ligia Gorini (ECF) co-directora XIV congreso AMP (2024)<\/p>\n\t\t<\/div>\n\t<\/div>\n<\/div>\n\n\n<hr class=\"wp-block-separator has-alpha-channel-opacity\"\/>\n\n\n\n<div style=\"height:40px\" aria-hidden=\"true\" class=\"wp-block-spacer\"><\/div>\n\n\n\n<h3 class=\"wp-block-heading\"><strong>Hicimos de la EOL escenario del Congreso<\/strong><\/h3>\n\n\n\n<p>Arm\u00e9 un grupo de corresponsales de siete j\u00f3venes que est\u00e1n insertos en instituciones universitarias, hospitalarias, de diferentes lugares. Los puedo nombrar, son Ludmila Malischevski, \u00c1ngeles Cordoba, David Gonz\u00e1lez, Ana In\u00e9s Bert\u00f3n, Nicol\u00e1s Mascialino, Mariana Isasi y Ana Sol Sikik. Ya hicimos un evento en la EOL, que armamos de una manera casi festiva porque hicimos de la EOL escenario del Congreso, nos ocupamos de ubicar fotos ic\u00f3nicas de parejas. Hay especialmente lugar al tema del amor y en esa ocasi\u00f3n invitamos a cuatro miembros de la Escuela a presentar trabajos.<\/p>\n\n\n\n<p>Nos interesa que el Congreso entre a la ciudad, en las \u00faltimas jornadas anuales en C\u00f3rdoba, por ejemplo, tomamos como tema para presentar el Congreso las l\u00f3gicas de la vida amorosa que trabaja J.-A. Miller, cuando habla del primer flechazo en la historia de la humanidad, que fue el de Ad\u00e1n con Eva. Tambi\u00e9n tomamos la obra de teatro del diario de Ad\u00e1n y Eva de Mark Twain y pusimos a actuar a dos psicoanalistas como actores, fue muy divertido.<\/p>\n\n\n\n<p>Lo m\u00e1s atractivo del aforismo, no hay relaci\u00f3n sexual, es el amor. Hay una pregunta que me interes\u00f3, que trajo Christiane Alberti en la ocasi\u00f3n de la presentaci\u00f3n del tema: \u00abel amor sigue siendo la suplencia privilegiada de la No relaci\u00f3n sexual.\u00bb Es una pregunta muy contempor\u00e1nea, en tiempos donde no sabemos cu\u00e1l es el destino del deseo, del amor.\u00a0<br><strong>Gabi Grinbaum\u00a0<\/strong><\/p>\n\n\n\n<div style=\"height:40px\" aria-hidden=\"true\" class=\"wp-block-spacer\"><\/div>\n\n\n\n<h3 class=\"wp-block-heading\"><strong>Hemos trabajado de una manera transversal\u00a0<\/strong><\/h3>\n\n\n\n<div style=\"height:18px\" aria-hidden=\"true\" class=\"wp-block-spacer\"><\/div>\n\n\n\n<p>Primero que es un tema que nos toca como Escuela-Sujeto porque nos invita, como dice Lacan, a hacer, a inventar, a que se haga lo que se puede. En este sentido, nosotros hemos trabajado de una manera transversal, porque la NEL es una Escuela que est\u00e1 en nueve pa\u00edses, uno distinto del otro y desde ah\u00ed ya est\u00e1 impresa la diferencia y la no relaci\u00f3n sexual. Transversal, desde M\u00e9xico hasta Santiago de Chile, pasando por los nueve pa\u00edses y las 13 Secciones, hemos pensado hacer un trabajo que implique a las Secciones donde podamos reunirnos y desde ah\u00ed conectarnos de manera online con los otros pa\u00edses. Tenemos previstas tres actividades junto al Congreso. Actividades que queremos que sean una pregunta para no agotar el tema, lo que proponemos es abrir con preguntas sobre este aforismo. Es transversal en el sentido online, porque no nos queda otra opci\u00f3n. Elegimos tres de las trece secciones para trabajar desde ah\u00ed, en base a una pregunta que nos unir\u00e1 por un hilo online. La primera es ahora despu\u00e9s del ENAPOL.<\/p>\n\n\n\n<p>En el caso de la NEL nos interesa que no hay nada preestablecido, nada est\u00e1 dicho y hay una l\u00f3gica que nos interesa trabajar respecto al \u201cno hay\u201d, porqu\u00e9 es importante deconstruir qu\u00e9 es este \u201cno hay\u201d. Veremos qu\u00e9 resulta de los encuentros en cada Secci\u00f3n.<br><strong>Rachel Cors<\/strong><\/p>\n\n\n\n<div style=\"height:20px\" aria-hidden=\"true\" class=\"wp-block-spacer\"><\/div>\n\n\n\n<figure class=\"wp-block-embed is-type-video is-provider-youtube wp-block-embed-youtube wp-embed-aspect-16-9 wp-has-aspect-ratio\"><div class=\"wp-block-embed__wrapper\">\n<div class=\"videoWrapper\"><iframe loading=\"lazy\" title=\"Raquel Cors   Gabriela Grinbaum\" width=\"500\" height=\"281\" src=\"https:\/\/www.youtube.com\/embed\/06kAZ5yby6Y?feature=oembed\" frameborder=\"0\" allow=\"accelerometer; autoplay; clipboard-write; encrypted-media; gyroscope; picture-in-picture; web-share\" referrerpolicy=\"strict-origin-when-cross-origin\" allowfullscreen><\/iframe><\/div>\n<\/div><\/figure>\n\n\n<div class=\"nota\">\n\t<div class=\"d-flex flex-column\">\n\t\t<h4 class=\"m-0 text-uppercase mb-1\"><\/h4>\n\n\t\t<div class=\"nota-texto\">\n\t\t\t<p class=\"p1\">Gabi Grinbaum (EOL) y Rachel Cors (NEL) \u2013 corresponsales.<\/p>\n\t\t<\/div>\n\t<\/div>\n<\/div>\n\n\n<hr class=\"wp-block-separator has-alpha-channel-opacity\"\/>\n\n\n\n<div style=\"height:40px\" aria-hidden=\"true\" class=\"wp-block-spacer\"><\/div>\n\n\n\n<h3 class=\"wp-block-heading\"><strong>Es una gran obra, parece como una \u00f3pera<\/strong><\/h3>\n\n\n\n<div style=\"height:18px\" aria-hidden=\"true\" class=\"wp-block-spacer\"><\/div>\n\n\n\n<p>De alguna manera llevamos la voz de la localidad de la Escuela en un conjunto de debates, de participaciones, de aportes. Reci\u00e9n hac\u00edamos el chiste de por qu\u00e9 executive board est\u00e1 en ingl\u00e9s. Y de alguna manera era tambi\u00e9n un gesto para incluir el idioma ingl\u00e9s en las funciones. La funci\u00f3n es de alguna manera debatir algunos puntos importantes respecto de la organizaci\u00f3n, llevando la condici\u00f3n de cada Escuela, digamos, en ese sentido. Y luego se debate contemplando lo que cada uno aporta.<br><strong>Viviana Berger<\/strong><\/p>\n\n\n\n<div style=\"height:40px\" aria-hidden=\"true\" class=\"wp-block-spacer\"><\/div>\n\n\n\n<h3 class=\"wp-block-heading\">Dijiste que es la voz de la Escuela, \u00bfno? <\/h3>\n\n\n\n<p><strong>M:<\/strong> Recuerdo una citaci\u00f3n de Christiane Alberti, que dice que cada uno no representa su Escuela, en el sentido de que no es la Escuela que est\u00e1 dentro del executive board del Congreso y s\u00ed son representantes del executive board en las Escuelas.<br><\/p>\n\n\n\n<div style=\"height:18px\" aria-hidden=\"true\" class=\"wp-block-spacer\"><\/div>\n\n\n\n<p><strong>VB:<\/strong> S\u00ed, es la voz en el punto de lo consultivo, en el sentido de llevar como cuestiones locales de lo que est\u00e1 aconteciendo, transmitir que a veces cada uno est\u00e1 muy centrado en su lugar y en ese sentido es un canal de transmisi\u00f3n. Despu\u00e9s est\u00e1n los corresponsales que son, esos s\u00ed, los locales. Por ejemplo, en la NEL tenemos un peque\u00f1o comit\u00e9 donde nos reunimos la corresponsal, Raquel Cors, la presidenta, Ana Vigan\u00f3, la vicepresidenta, Luisa Arag\u00f3n y yo. De alguna manera s\u00ed, impulsamos las actividades preparatorias. Y yo, a la vez, llevo eso, comento y comparto en el executive board donde cada uno comparte, sobre estas actividades preparatorias, el tema de las inscripciones. Es una gran obra, parece como una \u00f3pera donde est\u00e1n las voces all\u00ed armando todo este aparato.<\/p>\n\n\n\n<div style=\"height:20px\" aria-hidden=\"true\" class=\"wp-block-spacer\"><\/div>\n\n\n\n<figure class=\"wp-block-embed is-type-video is-provider-youtube wp-block-embed-youtube wp-embed-aspect-16-9 wp-has-aspect-ratio\"><div class=\"wp-block-embed__wrapper\">\n<div class=\"videoWrapper\"><iframe loading=\"lazy\" title=\"Viviana Berger\" width=\"500\" height=\"281\" src=\"https:\/\/www.youtube.com\/embed\/W5Xqv1XoWSQ?feature=oembed\" frameborder=\"0\" allow=\"accelerometer; autoplay; clipboard-write; encrypted-media; gyroscope; picture-in-picture; web-share\" referrerpolicy=\"strict-origin-when-cross-origin\" allowfullscreen><\/iframe><\/div>\n<\/div><\/figure>\n\n\n<div class=\"nota\">\n\t<div class=\"d-flex flex-column\">\n\t\t<h4 class=\"m-0 text-uppercase mb-1\"><\/h4>\n\n\t\t<div class=\"nota-texto\">\n\t\t\t<p class=\"p1\">Viviana Berger (NEL) miembro del executive board<\/p>\n\t\t<\/div>\n\t<\/div>\n<\/div>\n\n\n<hr class=\"wp-block-separator has-alpha-channel-opacity\"\/>\n\n\n\n<div style=\"height:40px\" aria-hidden=\"true\" class=\"wp-block-spacer\"><\/div>\n\n\n\n<h3 class=\"wp-block-heading\"><br><strong>Funciono como un nexo entre la direcci\u00f3n del congreso y el corresponsal<\/strong><\/h3>\n\n\n\n<div style=\"height:18px\" aria-hidden=\"true\" class=\"wp-block-spacer\"><\/div>\n\n\n\n<p>Bueno, para m\u00ed ha sido una experiencia in\u00e9dita esto de conformar un equipo con un representante de cada Escuela, porque cada quien trae la especificidad y la lectura que hay en su propia comunidad al comit\u00e9 ejecutivo, lo que permite una conversaci\u00f3n, por ejemplo, s\u00ed, en los ejes. \u00daltimamente la funci\u00f3n del executive board es acompa\u00f1ar al director en algunas ideas que \u00e9l va pensando y que \u00e9l comparte con nosotros, algunas cosas que le interesa conversar. Lo \u00faltimo que estuvimos trabajando fueron los ejes tem\u00e1ticos sobre los cuales se va a hacer la propuesta del Congreso, particularmente para que los colegas escriban sus trabajos. Se pudo escuchar un poco lo que resuena de cada comunidad, de cada pa\u00eds, las derivas que tiene el tema, por ejemplo, en el terreno del amor o de los lazos, que var\u00edan en funci\u00f3n de ciertas cuestiones que atraviesan las subjetividades en las distintas culturas, tambi\u00e9n var\u00edan de acuerdo al momento de trabajo que est\u00e1 cada comunidad anal\u00edtica.<\/p>\n\n\n\n<p>No s\u00e9 si todos, pero en mi caso yo funciono como un nexo entre la direcci\u00f3n del congreso y el corresponsal de la Escuela a la que represento en el executive board, que ser\u00eda la EOL. Entonces, con el corresponsal, con su equipo.<br><strong><strong>Jorge Assef<\/strong><\/strong><\/p>\n\n\n\n<div style=\"height:40px\" aria-hidden=\"true\" class=\"wp-block-spacer\"><\/div>\n\n\n\n<h3 class=\"wp-block-heading\">La diferencia con el corresponsal<\/h3>\n\n\n\n<p><strong>M:<\/strong> Una idea de Christiane Alberti, que el miembro de una instancia, o comisi\u00f3n AMP, no trae, no representa la Escuela, pero s\u00ed representa la AMP, el Congreso, en su Escuela, y hace la diferencia con el corresponsal, \u00bfno?<\/p>\n\n\n\n<div style=\"height:18px\" aria-hidden=\"true\" class=\"wp-block-spacer\"><\/div>\n\n\n\n<p><strong>J.A.:<\/strong> Exactamente. Por eso el corresponsal, algunas de las cuestiones que piensa para la difusi\u00f3n de la Escuela, para la difusi\u00f3n del Congreso, las comenta conmigo y de alguna manera hay una l\u00ednea pol\u00edtica que baja la AMP que yo la transmito al corresponsal. Me parece que lo que viene va a ser un poco ese trabajo de difusi\u00f3n del Congreso para que llegue con esa lectura.<\/p>\n\n\n\n<div style=\"height:20px\" aria-hidden=\"true\" class=\"wp-block-spacer\"><\/div>\n\n\n\n<figure class=\"wp-block-embed is-type-video is-provider-youtube wp-block-embed-youtube wp-embed-aspect-16-9 wp-has-aspect-ratio\"><div class=\"wp-block-embed__wrapper\">\n<div class=\"videoWrapper\"><iframe loading=\"lazy\" title=\"Jorge Assef\" width=\"500\" height=\"281\" src=\"https:\/\/www.youtube.com\/embed\/0uw6zdm_CXo?feature=oembed\" frameborder=\"0\" allow=\"accelerometer; autoplay; clipboard-write; encrypted-media; gyroscope; picture-in-picture; web-share\" referrerpolicy=\"strict-origin-when-cross-origin\" allowfullscreen><\/iframe><\/div>\n<\/div><\/figure>\n\n\n<div class=\"nota\">\n\t<div class=\"d-flex flex-column\">\n\t\t<h4 class=\"m-0 text-uppercase mb-1\"><\/h4>\n\n\t\t<div class=\"nota-texto\">\n\t\t\t<p>Jorge Assef (EOL), membre de l\u2019Executive Board<\/p>\n\t\t<\/div>\n\t<\/div>\n<\/div>\n\n\n<hr class=\"wp-block-separator has-alpha-channel-opacity\"\/>\n\n\n\n<div style=\"height:40px\" aria-hidden=\"true\" class=\"wp-block-spacer\"><\/div>\n\n\n\n<h3 class=\"wp-block-heading\"><strong>Hotline \u2013\u00a0 es una l\u00ednea directa entre el que quiere participar del evento y la organizaci\u00f3n<\/strong><\/h3>\n\n\n\n<div style=\"height:18px\" aria-hidden=\"true\" class=\"wp-block-spacer\"><\/div>\n\n\n\n<p>Ciertamente Hotline tiene muchos significados en diferentes lugares del mundo, pero vamos a tomar la que se utiliza en Europa, regularmente, que es una l\u00ednea directa entre el que se inscribe, el que quiere participar del evento, y la organizaci\u00f3n. En nuestra comisi\u00f3n conformada por Bruno Aliv\u00f3n de la ECF, en Par\u00eds, Francia, y yo de Lima, Per\u00fa, estamos desarrollando con un \u00e1rea t\u00e9cnica una plataforma que va a permitir resolver los problemas que sabemos que siempre se presentan cuando alguien se inscribe en un Congreso. En diferentes momentos he dado mucho soporte a las cuestiones de stream y a las cuestiones online, y justamente tengo cierto conocimiento de las dificultades que se presentan y con Bruno estamos armando qu\u00e9 problemas se pueden presentar. Dificultades con la inscripci\u00f3n, que no les llegue el link, que no accedan a la sala, que no reciban el programa, entre otras cosas. Nosotros nos encargaremos de dar soporte y acompa\u00f1ar, son momentos de urgencia para algunos, acompa\u00f1arlos a resolver eso. La comisi\u00f3n estar\u00e1 conformada por colegas que hablar\u00e1n las cinco lenguas de la AMP. Hemos considerado sumamente importante que en el idioma de la lengua que uno escriba va a poder ser contestado y alguien lo acompa\u00f1ar\u00e1 en la resoluci\u00f3n del problema.<br><strong>Mackling Limache<\/strong><\/p>\n\n\n\n<div style=\"height:20px\" aria-hidden=\"true\" class=\"wp-block-spacer\"><\/div>\n\n\n\n<figure class=\"wp-block-embed is-type-video is-provider-youtube wp-block-embed-youtube wp-embed-aspect-16-9 wp-has-aspect-ratio\"><div class=\"wp-block-embed__wrapper\">\n<div class=\"videoWrapper\"><iframe loading=\"lazy\" title=\"Mackling Limache\" width=\"500\" height=\"281\" src=\"https:\/\/www.youtube.com\/embed\/PjGZBlJoU0k?feature=oembed\" frameborder=\"0\" allow=\"accelerometer; autoplay; clipboard-write; encrypted-media; gyroscope; picture-in-picture; web-share\" referrerpolicy=\"strict-origin-when-cross-origin\" allowfullscreen><\/iframe><\/div>\n<\/div><\/figure>\n\n\n<div class=\"nota\">\n\t<div class=\"d-flex flex-column\">\n\t\t<h4 class=\"m-0 text-uppercase mb-1\"><\/h4>\n\n\t\t<div class=\"nota-texto\">\n\t\t\t<p class=\"p1\">Mackling Limache (NEL)<\/p>\n\t\t<\/div>\n\t<\/div>\n<\/div>\n\n\n<hr class=\"wp-block-separator has-alpha-channel-opacity\"\/>\n","protected":false},"excerpt":{"rendered":"<p>Adolfo Ruiz, Pascale Fari, Ligia Gorini, Gabi Grinbaum, Rachel Cors, Viviana Berger, Jorge Assef, Mackling Limache Es la promesa de un debate abierto, animado y apasionante Lacan dijo alguna vez que una pr\u00e1ctica no\u00a0necesita ser esclarecida para ser eficaz, pero atenci\u00f3n, \u00e9l con esto pone el \u00e9nfasis no\u00a0en la eficacia, sino en el esclarecimiento. \u00c9l [&hellip;]<\/p>\n","protected":false},"author":1,"featured_media":0,"comment_status":"open","ping_status":"open","sticky":false,"template":"","format":"standard","meta":{"footnotes":""},"categories":[43],"tags":[],"edicao":[81],"class_list":["post-3598","post","type-post","status-publish","format-standard","hentry","category-panorama-du-xv-congres-de-lamp","edicao-edicion-9"],"acf":[],"_links":{"self":[{"href":"https:\/\/mondodispatch.com\/es\/wp-json\/wp\/v2\/posts\/3598","targetHints":{"allow":["GET"]}}],"collection":[{"href":"https:\/\/mondodispatch.com\/es\/wp-json\/wp\/v2\/posts"}],"about":[{"href":"https:\/\/mondodispatch.com\/es\/wp-json\/wp\/v2\/types\/post"}],"author":[{"embeddable":true,"href":"https:\/\/mondodispatch.com\/es\/wp-json\/wp\/v2\/users\/1"}],"replies":[{"embeddable":true,"href":"https:\/\/mondodispatch.com\/es\/wp-json\/wp\/v2\/comments?post=3598"}],"version-history":[{"count":32,"href":"https:\/\/mondodispatch.com\/es\/wp-json\/wp\/v2\/posts\/3598\/revisions"}],"predecessor-version":[{"id":3657,"href":"https:\/\/mondodispatch.com\/es\/wp-json\/wp\/v2\/posts\/3598\/revisions\/3657"}],"wp:attachment":[{"href":"https:\/\/mondodispatch.com\/es\/wp-json\/wp\/v2\/media?parent=3598"}],"wp:term":[{"taxonomy":"category","embeddable":true,"href":"https:\/\/mondodispatch.com\/es\/wp-json\/wp\/v2\/categories?post=3598"},{"taxonomy":"post_tag","embeddable":true,"href":"https:\/\/mondodispatch.com\/es\/wp-json\/wp\/v2\/tags?post=3598"},{"taxonomy":"edicao","embeddable":true,"href":"https:\/\/mondodispatch.com\/es\/wp-json\/wp\/v2\/edicao?post=3598"}],"curies":[{"name":"wp","href":"https:\/\/api.w.org\/{rel}","templated":true}]}}